{"id":147,"date":"2021-12-15T17:55:17","date_gmt":"2021-12-15T17:55:17","guid":{"rendered":"https:\/\/emagu.bikebuzzbd.com\/?p=147"},"modified":"2026-05-25T07:04:41","modified_gmt":"2026-05-25T07:04:41","slug":"co-daje-dziecku-dwujezyczne-przedszkole","status":"publish","type":"post","link":"https:\/\/trampoline.edu.pl\/przedszkole\/co-daje-dziecku-dwujezyczne-przedszkole\/","title":{"rendered":"Co daje dziecku dwuj\u0119zyczne przedszkole?"},"content":{"rendered":"\n<p class=\"wp-block-paragraph\"><strong>\u201eDziecko nauczy si\u0119 drugiego j\u0119zyka\" - tyle zwykle pisz\u0105 broszury dwuj\u0119zycznych przedszkoli. I to prawda, ale powierzchowna. Prawdziwe korzy\u015bci z dwuj\u0119zycznego wychowania s\u0105 du\u017co g\u0142\u0119bsze i si\u0119gaj\u0105 daleko poza znajomo\u015b\u0107 s\u0142\u00f3wek. Poka\u017cemy Wam 7 efekt\u00f3w, kt\u00f3re dwuj\u0119zyczne przedszkole zostawia w dziecku na ca\u0142e \u017cycie - niekt\u00f3re z nich Was zaskocz\u0105.<\/strong><\/p>\n\n\n\n<h2 class=\"wp-block-heading\">1. Lepsza pami\u0119\u0107 i koncentracja - tak\u017ce w j\u0119zyku ojczystym<\/h2>\n\n\n\n<p class=\"wp-block-paragraph\">Zacznijmy od najwi\u0119kszego paradoksu: dzieci wychowane w dwuj\u0119zyczno\u015bci <strong>lepiej radz\u0105 sobie z j\u0119zykiem polskim<\/strong> ni\u017c ich jednoj\u0119zyczni r\u00f3wie\u015bnicy. Brzmi kontrintuicyjnie, ale jest dobrze udokumentowane.<\/p>\n\n\n\n<p class=\"wp-block-paragraph\">Dlaczego tak si\u0119 dzieje? M\u00f3zg dziecka dwuj\u0119zycznego codziennie wykonuje dodatkow\u0105 prac\u0119 - musi wybiera\u0107, kt\u00f3rego j\u0119zyka u\u017cy\u0107, blokowa\u0107 nieaktywny j\u0119zyk w danej chwili, prze\u0142\u0105cza\u0107 si\u0119 mi\u0119dzy kodami. Ten nieustanny trening wzmacnia <strong>pami\u0119\u0107 robocz\u0105<\/strong> i <strong>kontrol\u0119 poznawcz\u0105<\/strong> - umiej\u0119tno\u015bci, kt\u00f3re przenosz\u0105 si\u0119 na wszystko inne: czytanie po polsku, rozwi\u0105zywanie zada\u0144 matematycznych, koncentracj\u0119 podczas s\u0142uchania bajki.<\/p>\n\n\n\n<p class=\"wp-block-paragraph\">W praktyce oznacza to, \u017ce dziecko, kt\u00f3re wyjdzie z dwuj\u0119zycznego przedszkola, wchodzi do polskiej szko\u0142y <strong>z lepszymi narz\u0119dziami poznawczymi<\/strong> ni\u017c r\u00f3wie\u015bnicy. Nie dlatego, \u017ce jest \u201em\u0105drzejsze\" - dlatego, \u017ce jego m\u00f3zg by\u0142 \u0107wiczony w bardziej wymagaj\u0105cy spos\u00f3b.<\/p>\n\n\n\n<h2 class=\"wp-block-heading\">2. \u0141atwiejsza nauka kolejnych j\u0119zyk\u00f3w - angielski \u201eprzychodzi sam\"<\/h2>\n\n\n\n<p class=\"wp-block-paragraph\">Rodzice cz\u0119sto pytaj\u0105 nas: \u201eAle co z angielskim? Je\u015bli dziecko uczy si\u0119 francuskiego, to kiedy zd\u0105\u017cy nauczy\u0107 si\u0119 angielskiego?\". Odpowiadamy spokojnie: <strong>angielski przyjdzie sam, i to szybciej ni\u017c u r\u00f3wie\u015bnik\u00f3w<\/strong>.<\/p>\n\n\n\n<p class=\"wp-block-paragraph\">Mechanizm jest prosty. Dziecko, kt\u00f3re w wieku przedszkolnym opanowa\u0142o zasad\u0119 \u201eten sam przedmiot ma r\u00f3\u017cne nazwy w r\u00f3\u017cnych j\u0119zykach\", ma <strong>meta\u015bwiadomo\u015b\u0107 j\u0119zykow\u0105<\/strong> - rozumie, jak dzia\u0142aj\u0105 j\u0119zyki. Kiedy w szkole zaczyna angielski, nie uczy si\u0119 \u201ej\u0119zyka obcego\" jako czego\u015b nowego. Uczy si\u0119 trzeciego j\u0119zyka, maj\u0105c ju\u017c sprawdzon\u0105 metod\u0119, jak to si\u0119 robi.<\/p>\n\n\n\n<p class=\"wp-block-paragraph\">Badania potwierdzaj\u0105: dzieci dwuj\u0119zyczne ucz\u0105 si\u0119 trzeciego i czwartego j\u0119zyka znacznie szybciej ni\u017c jednoj\u0119zyczne. Dla wielu naszych absolwent\u00f3w opanowanie angielskiego do poziomu komunikatywnego zajmuje 2-3 lata w podstaw\u00f3wce - bez tych dramatycznych walk z gramatyk\u0105, kt\u00f3re zna wi\u0119kszo\u015b\u0107 doros\u0142ych.<\/p>\n\n\n\n<h2 class=\"wp-block-heading\">3. Akcent native speakera - okno, kt\u00f3re zamyka si\u0119 w wieku 7 lat<\/h2>\n\n\n\n<p class=\"wp-block-paragraph\">To korzy\u015b\u0107, o kt\u00f3rej rzadko si\u0119 m\u00f3wi, a kt\u00f3ra jest <strong>nieodwracalna<\/strong>. M\u00f3zg dziecka do oko\u0142o 7. roku \u017cycia ma unikaln\u0105 zdolno\u015b\u0107 rozr\u00f3\u017cniania i produkowania d\u017awi\u0119k\u00f3w ka\u017cdego j\u0119zyka \u015bwiata. Po tym wieku ta zdolno\u015b\u0107 zaczyna si\u0119 zaw\u0119\u017ca\u0107 - m\u00f3zg \u201especjalizuje si\u0119\" w d\u017awi\u0119kach j\u0119zyk\u00f3w, kt\u00f3rych u\u017cywa najcz\u0119\u015bciej.<\/p>\n\n\n\n<p class=\"wp-block-paragraph\">Je\u015bli dziecko zaczyna uczy\u0107 si\u0119 francuskiego w wieku 10 lat, b\u0119dzie m\u00f3wi\u0142o z polskim akcentem. Nawet je\u015bli doskonale opanuje gramatyk\u0119 i s\u0142ownictwo, pewne subtelne d\u017awi\u0119ki zostan\u0105 dla niego trudne - polskie \u201er\" zamiast francuskiego gard\u0142owego, twarde sp\u00f3\u0142g\u0142oski, brak typowej francuskiej intonacji.<\/p>\n\n\n\n<p class=\"wp-block-paragraph\">Je\u015bli dziecko s\u0142yszy francuski codziennie od wieku 3 lat - <strong>b\u0119dzie m\u00f3wi\u0142o jak Francuz<\/strong>. Bez akcentu, bez obcego zabarwienia, z naturaln\u0105 intonacj\u0105. Tego nie da si\u0119 nadrobi\u0107 p\u00f3\u017aniej \u017cadnym kursem. To okno, kt\u00f3re otwiera si\u0119 raz i zamyka bezpowrotnie.<\/p>\n\n\n\n<h2 class=\"wp-block-heading\">4. Wi\u0119ksza elastyczno\u015b\u0107 poznawcza - m\u00f3zg przyzwyczajony do zmian<\/h2>\n\n\n\n<p class=\"wp-block-paragraph\">Doro\u015bli dwuj\u0119zyczni w testach psychologicznych regularnie osi\u0105gaj\u0105 lepsze wyniki w zadaniach wymagaj\u0105cych <strong>prze\u0142\u0105czania uwagi<\/strong>, <strong>rozwi\u0105zywania konflikt\u00f3w poznawczych<\/strong> i <strong>my\u015blenia abstrakcyjnego<\/strong>.<\/p>\n\n\n\n<p class=\"wp-block-paragraph\">Dlaczego? Bo ich m\u00f3zg od dzieci\u0144stwa by\u0142 przyzwyczajony do \u017cycia w \u015bwiecie, w kt\u00f3rym ta sama rzecz ma dwie nazwy, te same emocje wyra\u017cane s\u0105 na dwa sposoby, a ta sama sytuacja rozgrywa si\u0119 w dw\u00f3ch r\u00f3wnoleg\u0142ych systemach komunikacji. To jest <strong>trening elastyczno\u015bci<\/strong> - taki, kt\u00f3rego jednoj\u0119zyczne dzieci\u0144stwo po prostu nie oferuje.<\/p>\n\n\n\n<p class=\"wp-block-paragraph\">W doros\u0142ym \u017cyciu przek\u0142ada si\u0119 to na lepsze radzenie sobie ze zmian\u0105, szybsze adaptowanie do nowych \u015brodowisk pracy, \u0142atwiejsze uczenie si\u0119 nowych system\u00f3w i narz\u0119dzi. Dziecko dwuj\u0119zyczne w wieku 4 lat ju\u017c codziennie \u0107wiczy umiej\u0119tno\u015b\u0107, kt\u00f3r\u0105 Wy zdobywali\u015bcie jako doro\u015bli w korporacji.<\/p>\n\n\n\n<h2 class=\"wp-block-heading\">5. Op\u00f3\u017anienie chor\u00f3b neurodegeneracyjnych - ochrona na staro\u015b\u0107<\/h2>\n\n\n\n<p class=\"wp-block-paragraph\">To korzy\u015b\u0107 dla Waszego dziecka, kt\u00f3r\u0105 zobaczycie za... 60-70 lat. Ale jest to najlepiej udokumentowany naukowo d\u0142ugoterminowy efekt dwuj\u0119zyczno\u015bci.<\/p>\n\n\n\n<p class=\"wp-block-paragraph\">Badania neurolog\u00f3w z kilku uniwersytet\u00f3w (mi\u0119dzy innymi w Toronto i Barcelonie) pokazuj\u0105, \u017ce u os\u00f3b dwuj\u0119zycznych <strong>objawy choroby Alzheimera i innych form demencji pojawiaj\u0105 si\u0119 \u015brednio 4-5 lat p\u00f3\u017aniej<\/strong> ni\u017c u os\u00f3b jednoj\u0119zycznych. To dotyczy tylko os\u00f3b, kt\u00f3re u\u017cywa\u0142y obu j\u0119zyk\u00f3w regularnie przez ca\u0142e \u017cycie.<\/p>\n\n\n\n<p class=\"wp-block-paragraph\">Mechanizm: m\u00f3zg, kt\u00f3ry przez dekady codziennie prze\u0142\u0105cza\u0142 si\u0119 mi\u0119dzy j\u0119zykami, wytwarza wi\u0119ksz\u0105 <strong>rezerw\u0119 poznawcz\u0105<\/strong> - nadmiar po\u0142\u0105cze\u0144 neuronalnych, kt\u00f3ry kompensuje uszkodzenia wywo\u0142ane wiekiem. To jak emerytalne oszcz\u0119dno\u015bci, tylko dla m\u00f3zgu.<\/p>\n\n\n\n<p class=\"wp-block-paragraph\">Oczywi\u015bcie nie wysy\u0142acie dziecka do przedszkola dla jego zdrowia w wieku 70 lat. Ale warto wiedzie\u0107: <strong>ka\u017cda godzina kontaktu z drugim j\u0119zykiem w dzieci\u0144stwie<\/strong> to ma\u0142y depozyt na jego przysz\u0142o\u015b\u0107 neurologiczn\u0105.<\/p>\n\n\n\n<h2 class=\"wp-block-heading\">6. Otwarto\u015b\u0107 kulturowa - dziecko, kt\u00f3re wie, \u017ce \u015bwiat ma kilka j\u0119zyk\u00f3w<\/h2>\n\n\n\n<p class=\"wp-block-paragraph\">Dzieci jednoj\u0119zyczne wychowuj\u0105 si\u0119 z naturalnym, niewypowiedzianym za\u0142o\u017ceniem, \u017ce ich j\u0119zyk jest \u201enormalny\", a inne j\u0119zyki to egzotyka. Nie jest to ich wina - tak dzia\u0142a ludzkie do\u015bwiadczenie, kiedy znamy tylko jeden spos\u00f3b m\u00f3wienia.<\/p>\n\n\n\n<p class=\"wp-block-paragraph\">Dzieci dwuj\u0119zyczne maj\u0105 t\u0119 oczywisto\u015b\u0107 rozmontowan\u0105 ju\u017c w wieku 4 lat. Wiedz\u0105, \u017ce \u201emama m\u00f3wi po polsku, pani V\u00e9ronique po francusku, babcia po polsku, a kole\u017canka z grupy po polsku i francusku\". J\u0119zyk jest dla nich <strong>narz\u0119dziem<\/strong>, nie to\u017csamo\u015bci\u0105. I ta perspektywa zostaje na ca\u0142e \u017cycie.<\/p>\n\n\n\n<p class=\"wp-block-paragraph\">W praktyce oznacza to wi\u0119ksz\u0105 otwarto\u015b\u0107 na podr\u00f3\u017ce, \u0142atwiejsze nawi\u0105zywanie kontakt\u00f3w z obcokrajowcami, mniejszy l\u0119k przed \u201eobcym\". W \u015bwiecie, w kt\u00f3rym Wasze dziecko b\u0119dzie pracowa\u0107 (prawdopodobnie mi\u0119dzynarodowym, prawdopodobnie zmieniaj\u0105cym si\u0119 kilka razy) - to jest konkretna przewaga \u017cyciowa.<\/p>\n\n\n\n<h2 class=\"wp-block-heading\">7. Dost\u0119p do drugiej kultury, nie tylko drugiego j\u0119zyka<\/h2>\n\n\n\n<p class=\"wp-block-paragraph\">To ostatnia korzy\u015b\u0107, kt\u00f3ra cz\u0119sto umyka w rozmowach o dwuj\u0119zyczno\u015bci - bo jest trudniej mierzalna ni\u017c test IQ, ale by\u0107 mo\u017ce najwa\u017cniejsza.<\/p>\n\n\n\n<p class=\"wp-block-paragraph\">Dziecko, kt\u00f3re od wieku 3 lat s\u0142ucha francuskich bajek, \u015bpiewa francuskie piosenki, zna francuskie \u015bwi\u0119ta (\u00c9piphanie z galette des rois, Chandeleur z nale\u015bnikami, 14 lipca) - <strong>wch\u0142ania ca\u0142\u0105 kultur\u0119 Francji<\/strong>, nie tylko jej gramatyk\u0119. B\u0119dzie rozumie\u0107 francuskie \u017carty, francuskie filmy, francusk\u0105 wra\u017cliwo\u015b\u0107. B\u0119dzie zna\u0142o Tintina, Asterixa i Petit Prince'a jako cz\u0119\u015b\u0107 swojego dzieci\u0144stwa, nie jako egzotyczne \u201eobce lektury\".<\/p>\n\n\n\n<p class=\"wp-block-paragraph\">W praktyce daje to dziecku <strong>drug\u0105 to\u017csamo\u015b\u0107 kulturow\u0105<\/strong> - co\u015b, czego nie da si\u0119 kupi\u0107, ani nadrobi\u0107 w doros\u0142ym \u017cyciu. Absolwenci Trampoline cz\u0119sto m\u00f3wi\u0105 nam po latach, \u017ce francuska kultura sta\u0142a si\u0119 dla nich \u201eswoja\" - Pary\u017c nie by\u0142 dla nich obcym miastem podczas pierwszej wizyty, francuskie filmy od razu ich bawi\u0142y, a znajomo\u015bci z Francuzami nawi\u0105zywali bez bariery emocjonalnej, jak\u0105 odczuwaj\u0105 inni Polacy.<\/p>\n\n\n\n<p class=\"wp-block-paragraph\">To jest prezent, kt\u00f3ry zostaje na ca\u0142e \u017cycie. I nie wymaga od dziecka \u017cadnego wysi\u0142ku - po prostu trafia do przedszkola, w kt\u00f3rym jest to naturalne.<\/p>\n\n\n\n<h2 class=\"wp-block-heading\">Na koniec - co to wszystko razem znaczy<\/h2>\n\n\n\n<p class=\"wp-block-paragraph\">Je\u015bli przeczytali\u015bcie ten artyku\u0142 do ko\u0144ca, zauwa\u017cyli\u015bcie pewnie jedn\u0105 rzecz: \u017cadna z 7 korzy\u015bci nie dotyczy\u0142a bezpo\u015brednio \u201eznajomo\u015bci francuskiego\". Bo dwuj\u0119zyczno\u015b\u0107 to nie jest tylko drugi j\u0119zyk - to <strong>inny spos\u00f3b, w jaki rozwija si\u0119 m\u00f3zg, to\u017csamo\u015b\u0107 i perspektywa dziecka<\/strong>.<\/p>\n\n\n\n<p class=\"wp-block-paragraph\">I to jest ten element, kt\u00f3rego broszury zwykle nie m\u00f3wi\u0105. Bo m\u00f3wi si\u0119 o tym trudniej. Bo nie da si\u0119 go zmierzy\u0107 dyplomem ani certyfikatem. Ale kiedy spotkacie doros\u0142ego cz\u0142owieka, kt\u00f3ry wychowa\u0142 si\u0119 w dwuj\u0119zyczno\u015bci - zauwa\u017cycie r\u00f3\u017cnic\u0119 od pierwszej rozmowy.<\/p>\n\n\n\n<p class=\"wp-block-paragraph\">W Trampoline widzimy to od 2001 roku. Nasi najstarsi absolwenci s\u0105 dzi\u015b doro\u015bli, studiuj\u0105, pracuj\u0105, podr\u00f3\u017cuj\u0105 - i niemal wszyscy m\u00f3wi\u0105 nam to samo: \u017ce dwuj\u0119zyczno\u015b\u0107 by\u0142a jednym z najlepszych prezent\u00f3w, jakie dostali w dzieci\u0144stwie. A oni nawet nie wiedzieli wtedy, \u017ce to prezent.<\/p>\n\n\n\n<p class=\"wp-block-paragraph\">Je\u015bli zastanawiacie si\u0119 nad dwuj\u0119zycznym przedszkolem dla Waszego dziecka - <strong>zapraszamy na spotkanie<\/strong>. Poka\u017cemy, jak wygl\u0105da u nas zwyk\u0142y dzie\u0144, opowiemy o metodzie UPUL, i razem zastanowimy si\u0119, czy Trampoline to dobre miejsce dla Waszej rodziny.<\/p>\n","protected":false},"excerpt":{"rendered":"<p>\u201eDziecko nauczy si\u0119 drugiego j\u0119zyka\" - tyle zwykle pisz\u0105 broszury dwuj\u0119zycznych przedszkoli. I to prawda, ale powierzchowna. Prawdziwe korzy\u015bci z dwuj\u0119zycznego wychowania s\u0105 du\u017co g\u0142\u0119bsze i si\u0119gaj\u0105 daleko poza znajomo\u015b\u0107 s\u0142\u00f3wek. Poka\u017cemy Wam 7 efekt\u00f3w, kt\u00f3re dwuj\u0119zyczne przedszkole zostawia w dziecku na ca\u0142e \u017cycie - niekt\u00f3re z nich Was zaskocz\u0105. 1. Lepsza pami\u0119\u0107 i koncentracja [&hellip;]<\/p>\n","protected":false},"author":1,"featured_media":11086,"comment_status":"closed","ping_status":"closed","sticky":false,"template":"","format":"standard","meta":{"footnotes":""},"categories":[1],"tags":[],"class_list":["post-147","post","type-post","status-publish","format-standard","has-post-thumbnail","hentry","category-artykuly"],"yoast_head":"<!-- This site is optimized with the Yoast SEO plugin v28.1 - https:\/\/yoast.com\/product\/yoast-seo-wordpress\/ -->\n<title>Co daje dziecku dwuj\u0119zyczne przedszkole? - Przedszkole<\/title>\n<meta name=\"robots\" content=\"index, follow, max-snippet:-1, max-image-preview:large, max-video-preview:-1\" \/>\n<link rel=\"canonical\" href=\"https:\/\/trampoline.edu.pl\/przedszkole\/co-daje-dziecku-dwujezyczne-przedszkole\/\" \/>\n<meta property=\"og:locale\" content=\"pl_PL\" \/>\n<meta property=\"og:type\" content=\"article\" \/>\n<meta property=\"og:title\" content=\"Co daje dziecku dwuj\u0119zyczne przedszkole? - Przedszkole\" \/>\n<meta property=\"og:description\" content=\"\u201eDziecko nauczy si\u0119 drugiego j\u0119zyka&quot; - tyle zwykle pisz\u0105 broszury dwuj\u0119zycznych przedszkoli. I to prawda, ale powierzchowna. Prawdziwe korzy\u015bci z dwuj\u0119zycznego wychowania s\u0105 du\u017co g\u0142\u0119bsze i si\u0119gaj\u0105 daleko poza znajomo\u015b\u0107 s\u0142\u00f3wek. Poka\u017cemy Wam 7 efekt\u00f3w, kt\u00f3re dwuj\u0119zyczne przedszkole zostawia w dziecku na ca\u0142e \u017cycie - niekt\u00f3re z nich Was zaskocz\u0105. 1. Lepsza pami\u0119\u0107 i koncentracja [&hellip;]\" \/>\n<meta property=\"og:url\" content=\"https:\/\/trampoline.edu.pl\/przedszkole\/co-daje-dziecku-dwujezyczne-przedszkole\/\" \/>\n<meta property=\"og:site_name\" content=\"Przedszkole\" \/>\n<meta property=\"article:published_time\" content=\"2021-12-15T17:55:17+00:00\" \/>\n<meta property=\"article:modified_time\" content=\"2026-05-25T07:04:41+00:00\" \/>\n<meta property=\"og:image\" content=\"https:\/\/trampoline.edu.pl\/przedszkole\/wp-content\/uploads\/sites\/4\/2021\/12\/blog_post-2.webp\" \/>\n\t<meta property=\"og:image:width\" content=\"1600\" \/>\n\t<meta property=\"og:image:height\" content=\"1067\" \/>\n\t<meta property=\"og:image:type\" content=\"image\/webp\" \/>\n<meta name=\"author\" content=\"rk6ot\" \/>\n<meta name=\"twitter:card\" content=\"summary_large_image\" \/>\n<meta name=\"twitter:label1\" content=\"Napisane przez\" \/>\n\t<meta name=\"twitter:data1\" content=\"rk6ot\" \/>\n\t<meta name=\"twitter:label2\" content=\"Szacowany czas czytania\" \/>\n\t<meta name=\"twitter:data2\" content=\"7 minut\" \/>\n<script type=\"application\/ld+json\" class=\"yoast-schema-graph\">{\"@context\":\"https:\\\/\\\/schema.org\",\"@graph\":[{\"@type\":\"Article\",\"@id\":\"https:\\\/\\\/trampoline.edu.pl\\\/przedszkole\\\/co-daje-dziecku-dwujezyczne-przedszkole\\\/#article\",\"isPartOf\":{\"@id\":\"https:\\\/\\\/trampoline.edu.pl\\\/przedszkole\\\/co-daje-dziecku-dwujezyczne-przedszkole\\\/\"},\"author\":{\"name\":\"rk6ot\",\"@id\":\"https:\\\/\\\/trampoline.edu.pl\\\/przedszkole\\\/#\\\/schema\\\/person\\\/5db4a9661f1366d5cfbc7a93ef24decd\"},\"headline\":\"Co daje dziecku dwuj\u0119zyczne przedszkole?\",\"datePublished\":\"2021-12-15T17:55:17+00:00\",\"dateModified\":\"2026-05-25T07:04:41+00:00\",\"mainEntityOfPage\":{\"@id\":\"https:\\\/\\\/trampoline.edu.pl\\\/przedszkole\\\/co-daje-dziecku-dwujezyczne-przedszkole\\\/\"},\"wordCount\":1445,\"publisher\":{\"@id\":\"https:\\\/\\\/trampoline.edu.pl\\\/przedszkole\\\/#organization\"},\"image\":{\"@id\":\"https:\\\/\\\/trampoline.edu.pl\\\/przedszkole\\\/co-daje-dziecku-dwujezyczne-przedszkole\\\/#primaryimage\"},\"thumbnailUrl\":\"https:\\\/\\\/trampoline.edu.pl\\\/przedszkole\\\/wp-content\\\/uploads\\\/sites\\\/4\\\/2021\\\/12\\\/blog_post-2.webp\",\"articleSection\":[\"Artyku\u0142y\"],\"inLanguage\":\"pl-PL\"},{\"@type\":\"WebPage\",\"@id\":\"https:\\\/\\\/trampoline.edu.pl\\\/przedszkole\\\/co-daje-dziecku-dwujezyczne-przedszkole\\\/\",\"url\":\"https:\\\/\\\/trampoline.edu.pl\\\/przedszkole\\\/co-daje-dziecku-dwujezyczne-przedszkole\\\/\",\"name\":\"Co daje dziecku dwuj\u0119zyczne przedszkole? - Przedszkole\",\"isPartOf\":{\"@id\":\"https:\\\/\\\/trampoline.edu.pl\\\/przedszkole\\\/#website\"},\"primaryImageOfPage\":{\"@id\":\"https:\\\/\\\/trampoline.edu.pl\\\/przedszkole\\\/co-daje-dziecku-dwujezyczne-przedszkole\\\/#primaryimage\"},\"image\":{\"@id\":\"https:\\\/\\\/trampoline.edu.pl\\\/przedszkole\\\/co-daje-dziecku-dwujezyczne-przedszkole\\\/#primaryimage\"},\"thumbnailUrl\":\"https:\\\/\\\/trampoline.edu.pl\\\/przedszkole\\\/wp-content\\\/uploads\\\/sites\\\/4\\\/2021\\\/12\\\/blog_post-2.webp\",\"datePublished\":\"2021-12-15T17:55:17+00:00\",\"dateModified\":\"2026-05-25T07:04:41+00:00\",\"breadcrumb\":{\"@id\":\"https:\\\/\\\/trampoline.edu.pl\\\/przedszkole\\\/co-daje-dziecku-dwujezyczne-przedszkole\\\/#breadcrumb\"},\"inLanguage\":\"pl-PL\",\"potentialAction\":[{\"@type\":\"ReadAction\",\"target\":[\"https:\\\/\\\/trampoline.edu.pl\\\/przedszkole\\\/co-daje-dziecku-dwujezyczne-przedszkole\\\/\"]}]},{\"@type\":\"ImageObject\",\"inLanguage\":\"pl-PL\",\"@id\":\"https:\\\/\\\/trampoline.edu.pl\\\/przedszkole\\\/co-daje-dziecku-dwujezyczne-przedszkole\\\/#primaryimage\",\"url\":\"https:\\\/\\\/trampoline.edu.pl\\\/przedszkole\\\/wp-content\\\/uploads\\\/sites\\\/4\\\/2021\\\/12\\\/blog_post-2.webp\",\"contentUrl\":\"https:\\\/\\\/trampoline.edu.pl\\\/przedszkole\\\/wp-content\\\/uploads\\\/sites\\\/4\\\/2021\\\/12\\\/blog_post-2.webp\",\"width\":1600,\"height\":1067,\"caption\":\"Co daje dziecku dwuj\u0119zyczne przedszkole\"},{\"@type\":\"BreadcrumbList\",\"@id\":\"https:\\\/\\\/trampoline.edu.pl\\\/przedszkole\\\/co-daje-dziecku-dwujezyczne-przedszkole\\\/#breadcrumb\",\"itemListElement\":[{\"@type\":\"ListItem\",\"position\":1,\"name\":\"Strona g\u0142\u00f3wna\",\"item\":\"https:\\\/\\\/trampoline.edu.pl\\\/przedszkole\\\/\"},{\"@type\":\"ListItem\",\"position\":2,\"name\":\"Co daje dziecku dwuj\u0119zyczne przedszkole?\"}]},{\"@type\":\"WebSite\",\"@id\":\"https:\\\/\\\/trampoline.edu.pl\\\/przedszkole\\\/#website\",\"url\":\"https:\\\/\\\/trampoline.edu.pl\\\/przedszkole\\\/\",\"name\":\"Przedszkole\",\"description\":\"\",\"publisher\":{\"@id\":\"https:\\\/\\\/trampoline.edu.pl\\\/przedszkole\\\/#organization\"},\"potentialAction\":[{\"@type\":\"SearchAction\",\"target\":{\"@type\":\"EntryPoint\",\"urlTemplate\":\"https:\\\/\\\/trampoline.edu.pl\\\/przedszkole\\\/?s={search_term_string}\"},\"query-input\":{\"@type\":\"PropertyValueSpecification\",\"valueRequired\":true,\"valueName\":\"search_term_string\"}}],\"inLanguage\":\"pl-PL\"},{\"@type\":\"Organization\",\"@id\":\"https:\\\/\\\/trampoline.edu.pl\\\/przedszkole\\\/#organization\",\"name\":\"Przedszkole\",\"url\":\"https:\\\/\\\/trampoline.edu.pl\\\/przedszkole\\\/\",\"logo\":{\"@type\":\"ImageObject\",\"inLanguage\":\"pl-PL\",\"@id\":\"https:\\\/\\\/trampoline.edu.pl\\\/przedszkole\\\/#\\\/schema\\\/logo\\\/image\\\/\",\"url\":\"https:\\\/\\\/trampoline.edu.pl\\\/przedszkole\\\/wp-content\\\/uploads\\\/sites\\\/4\\\/2026\\\/05\\\/cropped-Logo-przedszkole-TRAMPOLINE-e1785315157547.jpg\",\"contentUrl\":\"https:\\\/\\\/trampoline.edu.pl\\\/przedszkole\\\/wp-content\\\/uploads\\\/sites\\\/4\\\/2026\\\/05\\\/cropped-Logo-przedszkole-TRAMPOLINE-e1785315157547.jpg\",\"width\":300,\"height\":81,\"caption\":\"Przedszkole\"},\"image\":{\"@id\":\"https:\\\/\\\/trampoline.edu.pl\\\/przedszkole\\\/#\\\/schema\\\/logo\\\/image\\\/\"}},{\"@type\":\"Person\",\"@id\":\"https:\\\/\\\/trampoline.edu.pl\\\/przedszkole\\\/#\\\/schema\\\/person\\\/5db4a9661f1366d5cfbc7a93ef24decd\",\"name\":\"rk6ot\",\"image\":{\"@type\":\"ImageObject\",\"inLanguage\":\"pl-PL\",\"@id\":\"https:\\\/\\\/secure.gravatar.com\\\/avatar\\\/5e08c3b89c1707730d86d3574bfcba33e9adb0c583873b984e7b4bdf85a105ae?s=96&d=mm&r=g\",\"url\":\"https:\\\/\\\/secure.gravatar.com\\\/avatar\\\/5e08c3b89c1707730d86d3574bfcba33e9adb0c583873b984e7b4bdf85a105ae?s=96&d=mm&r=g\",\"contentUrl\":\"https:\\\/\\\/secure.gravatar.com\\\/avatar\\\/5e08c3b89c1707730d86d3574bfcba33e9adb0c583873b984e7b4bdf85a105ae?s=96&d=mm&r=g\",\"caption\":\"rk6ot\"},\"sameAs\":[\"https:\\\/\\\/trampoline.edu.pl\"],\"url\":\"https:\\\/\\\/trampoline.edu.pl\\\/przedszkole\\\/author\\\/rk6ot\\\/\"}]}<\/script>\n<!-- \/ Yoast SEO plugin. -->","yoast_head_json":{"title":"Co daje dziecku dwuj\u0119zyczne przedszkole? - Przedszkole","robots":{"index":"index","follow":"follow","max-snippet":"max-snippet:-1","max-image-preview":"max-image-preview:large","max-video-preview":"max-video-preview:-1"},"canonical":"https:\/\/trampoline.edu.pl\/przedszkole\/co-daje-dziecku-dwujezyczne-przedszkole\/","og_locale":"pl_PL","og_type":"article","og_title":"Co daje dziecku dwuj\u0119zyczne przedszkole? - Przedszkole","og_description":"\u201eDziecko nauczy si\u0119 drugiego j\u0119zyka\" - tyle zwykle pisz\u0105 broszury dwuj\u0119zycznych przedszkoli. I to prawda, ale powierzchowna. Prawdziwe korzy\u015bci z dwuj\u0119zycznego wychowania s\u0105 du\u017co g\u0142\u0119bsze i si\u0119gaj\u0105 daleko poza znajomo\u015b\u0107 s\u0142\u00f3wek. Poka\u017cemy Wam 7 efekt\u00f3w, kt\u00f3re dwuj\u0119zyczne przedszkole zostawia w dziecku na ca\u0142e \u017cycie - niekt\u00f3re z nich Was zaskocz\u0105. 1. Lepsza pami\u0119\u0107 i koncentracja [&hellip;]","og_url":"https:\/\/trampoline.edu.pl\/przedszkole\/co-daje-dziecku-dwujezyczne-przedszkole\/","og_site_name":"Przedszkole","article_published_time":"2021-12-15T17:55:17+00:00","article_modified_time":"2026-05-25T07:04:41+00:00","og_image":[{"width":1600,"height":1067,"url":"https:\/\/trampoline.edu.pl\/przedszkole\/wp-content\/uploads\/sites\/4\/2021\/12\/blog_post-2.webp","type":"image\/webp"}],"author":"rk6ot","twitter_card":"summary_large_image","twitter_misc":{"Napisane przez":"rk6ot","Szacowany czas czytania":"7 minut"},"schema":{"@context":"https:\/\/schema.org","@graph":[{"@type":"Article","@id":"https:\/\/trampoline.edu.pl\/przedszkole\/co-daje-dziecku-dwujezyczne-przedszkole\/#article","isPartOf":{"@id":"https:\/\/trampoline.edu.pl\/przedszkole\/co-daje-dziecku-dwujezyczne-przedszkole\/"},"author":{"name":"rk6ot","@id":"https:\/\/trampoline.edu.pl\/przedszkole\/#\/schema\/person\/5db4a9661f1366d5cfbc7a93ef24decd"},"headline":"Co daje dziecku dwuj\u0119zyczne przedszkole?","datePublished":"2021-12-15T17:55:17+00:00","dateModified":"2026-05-25T07:04:41+00:00","mainEntityOfPage":{"@id":"https:\/\/trampoline.edu.pl\/przedszkole\/co-daje-dziecku-dwujezyczne-przedszkole\/"},"wordCount":1445,"publisher":{"@id":"https:\/\/trampoline.edu.pl\/przedszkole\/#organization"},"image":{"@id":"https:\/\/trampoline.edu.pl\/przedszkole\/co-daje-dziecku-dwujezyczne-przedszkole\/#primaryimage"},"thumbnailUrl":"https:\/\/trampoline.edu.pl\/przedszkole\/wp-content\/uploads\/sites\/4\/2021\/12\/blog_post-2.webp","articleSection":["Artyku\u0142y"],"inLanguage":"pl-PL"},{"@type":"WebPage","@id":"https:\/\/trampoline.edu.pl\/przedszkole\/co-daje-dziecku-dwujezyczne-przedszkole\/","url":"https:\/\/trampoline.edu.pl\/przedszkole\/co-daje-dziecku-dwujezyczne-przedszkole\/","name":"Co daje dziecku dwuj\u0119zyczne przedszkole? - Przedszkole","isPartOf":{"@id":"https:\/\/trampoline.edu.pl\/przedszkole\/#website"},"primaryImageOfPage":{"@id":"https:\/\/trampoline.edu.pl\/przedszkole\/co-daje-dziecku-dwujezyczne-przedszkole\/#primaryimage"},"image":{"@id":"https:\/\/trampoline.edu.pl\/przedszkole\/co-daje-dziecku-dwujezyczne-przedszkole\/#primaryimage"},"thumbnailUrl":"https:\/\/trampoline.edu.pl\/przedszkole\/wp-content\/uploads\/sites\/4\/2021\/12\/blog_post-2.webp","datePublished":"2021-12-15T17:55:17+00:00","dateModified":"2026-05-25T07:04:41+00:00","breadcrumb":{"@id":"https:\/\/trampoline.edu.pl\/przedszkole\/co-daje-dziecku-dwujezyczne-przedszkole\/#breadcrumb"},"inLanguage":"pl-PL","potentialAction":[{"@type":"ReadAction","target":["https:\/\/trampoline.edu.pl\/przedszkole\/co-daje-dziecku-dwujezyczne-przedszkole\/"]}]},{"@type":"ImageObject","inLanguage":"pl-PL","@id":"https:\/\/trampoline.edu.pl\/przedszkole\/co-daje-dziecku-dwujezyczne-przedszkole\/#primaryimage","url":"https:\/\/trampoline.edu.pl\/przedszkole\/wp-content\/uploads\/sites\/4\/2021\/12\/blog_post-2.webp","contentUrl":"https:\/\/trampoline.edu.pl\/przedszkole\/wp-content\/uploads\/sites\/4\/2021\/12\/blog_post-2.webp","width":1600,"height":1067,"caption":"Co daje dziecku dwuj\u0119zyczne przedszkole"},{"@type":"BreadcrumbList","@id":"https:\/\/trampoline.edu.pl\/przedszkole\/co-daje-dziecku-dwujezyczne-przedszkole\/#breadcrumb","itemListElement":[{"@type":"ListItem","position":1,"name":"Strona g\u0142\u00f3wna","item":"https:\/\/trampoline.edu.pl\/przedszkole\/"},{"@type":"ListItem","position":2,"name":"Co daje dziecku dwuj\u0119zyczne przedszkole?"}]},{"@type":"WebSite","@id":"https:\/\/trampoline.edu.pl\/przedszkole\/#website","url":"https:\/\/trampoline.edu.pl\/przedszkole\/","name":"Przedszkole","description":"","publisher":{"@id":"https:\/\/trampoline.edu.pl\/przedszkole\/#organization"},"potentialAction":[{"@type":"SearchAction","target":{"@type":"EntryPoint","urlTemplate":"https:\/\/trampoline.edu.pl\/przedszkole\/?s={search_term_string}"},"query-input":{"@type":"PropertyValueSpecification","valueRequired":true,"valueName":"search_term_string"}}],"inLanguage":"pl-PL"},{"@type":"Organization","@id":"https:\/\/trampoline.edu.pl\/przedszkole\/#organization","name":"Przedszkole","url":"https:\/\/trampoline.edu.pl\/przedszkole\/","logo":{"@type":"ImageObject","inLanguage":"pl-PL","@id":"https:\/\/trampoline.edu.pl\/przedszkole\/#\/schema\/logo\/image\/","url":"https:\/\/trampoline.edu.pl\/przedszkole\/wp-content\/uploads\/sites\/4\/2026\/05\/cropped-Logo-przedszkole-TRAMPOLINE-e1785315157547.jpg","contentUrl":"https:\/\/trampoline.edu.pl\/przedszkole\/wp-content\/uploads\/sites\/4\/2026\/05\/cropped-Logo-przedszkole-TRAMPOLINE-e1785315157547.jpg","width":300,"height":81,"caption":"Przedszkole"},"image":{"@id":"https:\/\/trampoline.edu.pl\/przedszkole\/#\/schema\/logo\/image\/"}},{"@type":"Person","@id":"https:\/\/trampoline.edu.pl\/przedszkole\/#\/schema\/person\/5db4a9661f1366d5cfbc7a93ef24decd","name":"rk6ot","image":{"@type":"ImageObject","inLanguage":"pl-PL","@id":"https:\/\/secure.gravatar.com\/avatar\/5e08c3b89c1707730d86d3574bfcba33e9adb0c583873b984e7b4bdf85a105ae?s=96&d=mm&r=g","url":"https:\/\/secure.gravatar.com\/avatar\/5e08c3b89c1707730d86d3574bfcba33e9adb0c583873b984e7b4bdf85a105ae?s=96&d=mm&r=g","contentUrl":"https:\/\/secure.gravatar.com\/avatar\/5e08c3b89c1707730d86d3574bfcba33e9adb0c583873b984e7b4bdf85a105ae?s=96&d=mm&r=g","caption":"rk6ot"},"sameAs":["https:\/\/trampoline.edu.pl"],"url":"https:\/\/trampoline.edu.pl\/przedszkole\/author\/rk6ot\/"}]}},"lang":"pl","translations":{"pl":147,"fr":11113},"pll_sync_post":{},"_links":{"self":[{"href":"https:\/\/trampoline.edu.pl\/przedszkole\/wp-json\/wp\/v2\/posts\/147","targetHints":{"allow":["GET"]}}],"collection":[{"href":"https:\/\/trampoline.edu.pl\/przedszkole\/wp-json\/wp\/v2\/posts"}],"about":[{"href":"https:\/\/trampoline.edu.pl\/przedszkole\/wp-json\/wp\/v2\/types\/post"}],"author":[{"embeddable":true,"href":"https:\/\/trampoline.edu.pl\/przedszkole\/wp-json\/wp\/v2\/users\/1"}],"replies":[{"embeddable":true,"href":"https:\/\/trampoline.edu.pl\/przedszkole\/wp-json\/wp\/v2\/comments?post=147"}],"version-history":[{"count":5,"href":"https:\/\/trampoline.edu.pl\/przedszkole\/wp-json\/wp\/v2\/posts\/147\/revisions"}],"predecessor-version":[{"id":11114,"href":"https:\/\/trampoline.edu.pl\/przedszkole\/wp-json\/wp\/v2\/posts\/147\/revisions\/11114"}],"wp:featuredmedia":[{"embeddable":true,"href":"https:\/\/trampoline.edu.pl\/przedszkole\/wp-json\/wp\/v2\/media\/11086"}],"wp:attachment":[{"href":"https:\/\/trampoline.edu.pl\/przedszkole\/wp-json\/wp\/v2\/media?parent=147"}],"wp:term":[{"taxonomy":"category","embeddable":true,"href":"https:\/\/trampoline.edu.pl\/przedszkole\/wp-json\/wp\/v2\/categories?post=147"},{"taxonomy":"post_tag","embeddable":true,"href":"https:\/\/trampoline.edu.pl\/przedszkole\/wp-json\/wp\/v2\/tags?post=147"}],"curies":[{"name":"wp","href":"https:\/\/api.w.org\/{rel}","templated":true}]}}