{"id":149,"date":"2021-12-15T17:55:55","date_gmt":"2021-12-15T17:55:55","guid":{"rendered":"https:\/\/emagu.bikebuzzbd.com\/?p=149"},"modified":"2026-05-25T07:33:58","modified_gmt":"2026-05-25T07:33:58","slug":"przedszkole-dwujezyczne-czy-jednojezyczne","status":"publish","type":"post","link":"https:\/\/trampoline.edu.pl\/przedszkole\/przedszkole-dwujezyczne-czy-jednojezyczne\/","title":{"rendered":"Przedszkole dwuj\u0119zyczne czy jednoj\u0119zyczne?"},"content":{"rendered":"\n<p class=\"wp-block-paragraph\"><strong>Wyb\u00f3r przedszkola to jedna z pierwszych du\u017cych decyzji, jakie podejmujecie jako rodzice. Mi\u0119dzy \u201ezwyk\u0142ym\" a \u201edwuj\u0119zycznym\" przedszkolem jest o wiele wi\u0119cej r\u00f3\u017cnic ni\u017c tylko drugi j\u0119zyk na li\u015bcie zaj\u0119\u0107. Poka\u017cemy Wam, co naprawd\u0119 odr\u00f3\u017cnia te plac\u00f3wki - i pomo\u017cemy zdecydowa\u0107, kt\u00f3ra jest lepsza dla Waszego dziecka.<\/strong><\/p>\n\n\n\n<h2 class=\"wp-block-heading\">Podstawowa r\u00f3\u017cnica: j\u0119zyk to nie przedmiot, to \u015brodowisko<\/h2>\n\n\n\n<p class=\"wp-block-paragraph\">W przedszkolu jednoj\u0119zycznym dziecko sp\u0119dza 8-9 godzin dziennie w j\u0119zyku polskim. Nauczycielki m\u00f3wi\u0105 po polsku, r\u00f3wie\u015bnicy m\u00f3wi\u0105 po polsku, piosenki, bajki i zabawy s\u0105 po polsku. Je\u015bli plac\u00f3wka oferuje \u201ej\u0119zyk obcy\", zazwyczaj oznacza to <strong>dwie 30-minutowe lekcje tygodniowo z lektorem<\/strong> - czyli w sumie godzin\u0119 kontaktu z obcym j\u0119zykiem.<\/p>\n\n\n\n<p class=\"wp-block-paragraph\">W dobrym przedszkolu dwuj\u0119zycznym drugi j\u0119zyk jest obecny <strong>ca\u0142y czas<\/strong>. Nauczyciel francuskoj\u0119zyczny (w Trampoline - native speaker) jest z dzie\u0107mi przy obiedzie, przy zabawie w k\u0105cikach, podczas wyj\u015b\u0107 do ogrodu i w trakcie zaj\u0119\u0107. To nie lekcja - to codzienne \u017cycie, kt\u00f3re po prostu toczy si\u0119 w dw\u00f3ch j\u0119zykach.<\/p>\n\n\n\n<figure class=\"wp-block-image size-large\"><img fetchpriority=\"high\" decoding=\"async\" width=\"1024\" height=\"1024\" src=\"https:\/\/trampoline.edu.pl\/przedszkole\/wp-content\/uploads\/sites\/4\/2021\/12\/infografika_przedszkole-1024x1024.webp\" alt=\"\" class=\"wp-image-11094\" srcset=\"https:\/\/trampoline.edu.pl\/przedszkole\/wp-content\/uploads\/sites\/4\/2021\/12\/infografika_przedszkole-1024x1024.webp 1024w, https:\/\/trampoline.edu.pl\/przedszkole\/wp-content\/uploads\/sites\/4\/2021\/12\/infografika_przedszkole-300x300.webp 300w, https:\/\/trampoline.edu.pl\/przedszkole\/wp-content\/uploads\/sites\/4\/2021\/12\/infografika_przedszkole-150x150.webp 150w, https:\/\/trampoline.edu.pl\/przedszkole\/wp-content\/uploads\/sites\/4\/2021\/12\/infografika_przedszkole-768x768.webp 768w, https:\/\/trampoline.edu.pl\/przedszkole\/wp-content\/uploads\/sites\/4\/2021\/12\/infografika_przedszkole.webp 1254w\" sizes=\"(max-width: 1024px) 100vw, 1024px\" \/><\/figure>\n\n\n\n<p class=\"wp-block-paragraph\"><strong>W liczbach wygl\u0105da to tak:<\/strong><\/p>\n\n\n\n<ul class=\"wp-block-list\">\n<li>Przedszkole jednoj\u0119zyczne z lektoratem: ~1 godzina tygodniowo kontaktu z j\u0119zykiem obcym<\/li>\n\n\n\n<li>Przedszkole dwuj\u0119zyczne: 20-30 godzin tygodniowo kontaktu z j\u0119zykiem obcym<\/li>\n<\/ul>\n\n\n\n<p class=\"wp-block-paragraph\">R\u00f3\u017cnica 20-30-krotna. To nie jest lepsza wersja tego samego - to zupe\u0142nie inny model.<\/p>\n\n\n\n<h2 class=\"wp-block-heading\">Jak dziecko uczy si\u0119 w ka\u017cdym z tych modeli<\/h2>\n\n\n\n<p class=\"wp-block-paragraph\">W modelu lektoratowym dziecko uczy si\u0119 <strong>o j\u0119zyku<\/strong>. Poznaje s\u0142\u00f3wka (\u201epomme\", \u201echat\", \u201ebonjour\"), powtarza zwroty, \u015bpiewa piosenki. Po trzech latach potrafi policzy\u0107 do dziesi\u0119ciu i przywita\u0107 si\u0119 po francusku. To warto\u015bciowe, ale ko\u0144czy si\u0119 tam, gdzie zaczyna si\u0119 prawdziwa komunikacja.<\/p>\n\n\n\n<p class=\"wp-block-paragraph\">W modelu immersyjnym (takim jak nasz) dziecko uczy si\u0119 <strong>przez j\u0119zyk<\/strong>. Nie wkuwa s\u0142\u00f3w - po prostu musi zrozumie\u0107 nauczycielk\u0119, \u017ceby wiedzie\u0107, \u017ce teraz idziemy na obiad, albo \u017ceby pobawi\u0107 si\u0119 z koleg\u0105. Po trzech latach dziecko rozumie, odpowiada, zadaje pytania i bawi si\u0119 w drugim j\u0119zyku w spos\u00f3b naturalny.<\/p>\n\n\n\n<p class=\"wp-block-paragraph\">Ta r\u00f3\u017cnica wynika z tego, jak dzia\u0142a m\u00f3zg ma\u0142ego dziecka. Mi\u0119dzy 3. a 6. rokiem \u017cycia m\u00f3zg ma fenomenaln\u0105 zdolno\u015b\u0107 przyswajania d\u017awi\u0119k\u00f3w i struktur j\u0119zykowych - tej samej, dzi\u0119ki kt\u00f3rej Wasze dziecko nauczy\u0142o si\u0119 polskiego, s\u0142uchaj\u0105c Was od urodzenia. <strong>Ten mechanizm dzia\u0142a tylko wtedy, gdy jest do\u015b\u0107 materia\u0142u do przyswojenia.<\/strong> Godzina tygodniowo to za ma\u0142o. Kilka godzin dziennie - wystarczy.<\/p>\n\n\n\n<h2 class=\"wp-block-heading\">Co z polskim? Czy dziecko nie ucierpi?<\/h2>\n\n\n\n<p class=\"wp-block-paragraph\">To pytanie zadaje prawie ka\u017cdy rodzic rozwa\u017caj\u0105cy dwuj\u0119zyczne przedszkole. Odpowied\u017a brzmi: nie - i to nie jest uspokajanie na si\u0142\u0119, tylko wniosek z dekad bada\u0144 nad dwuj\u0119zyczno\u015bci\u0105.<\/p>\n\n\n\n<p class=\"wp-block-paragraph\">Dzieci wychowywane w \u015brodowisku dwuj\u0119zycznym cz\u0119sto maj\u0105 <strong>lepsz\u0105 \u015bwiadomo\u015b\u0107 fonologiczn\u0105<\/strong> ni\u017c ich jednoj\u0119zyczni r\u00f3wie\u015bnicy. Szybciej rozumiej\u0105, \u017ce s\u0142owa sk\u0142adaj\u0105 si\u0119 z d\u017awi\u0119k\u00f3w, \u0142atwiej ucz\u0105 si\u0119 czyta\u0107 (w obu j\u0119zykach), maj\u0105 bogatsze s\u0142ownictwo w j\u0119zyku ojczystym.<\/p>\n\n\n\n<p class=\"wp-block-paragraph\">Kr\u00f3tki okres \u201emieszania\" j\u0119zyk\u00f3w w wieku 3-4 lat jest normalny i kr\u00f3tkotrwa\u0142y. To nie dezorientacja - to \u015bwiadome eksperymentowanie dziecka z dwoma systemami. Przechodzi samo, zwykle przed sz\u00f3stym rokiem \u017cycia.<\/p>\n\n\n\n<p class=\"wp-block-paragraph\">Wa\u017cne zastrze\u017cenie: to wszystko dzia\u0142a w plac\u00f3wkach, kt\u00f3re <strong>rzeczywi\u015bcie s\u0105 dwuj\u0119zyczne<\/strong> - z konsekwentn\u0105 metodyk\u0105, natywnym u\u017cytkownikiem j\u0119zyka i sp\u00f3jnym programem. Lektorat z polsk\u0105 pani\u0105, kt\u00f3ra raz na tydzie\u0144 powie \u201eapple\" i \u201ecat\", nie daje \u017cadnej z tych korzy\u015bci - ale te\u017c nie niesie \u017cadnego ryzyka. To po prostu dodatek, nie dwuj\u0119zyczno\u015b\u0107.<\/p>\n\n\n\n<h2 class=\"wp-block-heading\">Rozw\u00f3j spo\u0142eczny i emocjonalny - czy to nie za du\u017co?<\/h2>\n\n\n\n<p class=\"wp-block-paragraph\">Drugi cz\u0119sty l\u0119k rodzic\u00f3w: \u201eczy moje dziecko si\u0119 nie przem\u0119czy?\". Rozumiemy to pytanie - jako rodzice sami by\u015bmy si\u0119 bali, gdyby nasze trzylatki mia\u0142y \u201edodatkowe zaj\u0119cia\" przez osiem godzin dziennie.<\/p>\n\n\n\n<p class=\"wp-block-paragraph\">Kluczowe s\u0142owo: <strong>dodatkowe<\/strong>. W dobrze prowadzonym przedszkolu dwuj\u0119zycznym nic nie jest \u201edodatkowe\". Dziecko nie robi wi\u0119cej ni\u017c r\u00f3wie\u015bnicy - robi to samo, tylko w dw\u00f3ch j\u0119zykach r\u00f3wnolegle. Bawi si\u0119 w piaskownicy, je zup\u0119, s\u0142ucha bajki, idzie na spacer. Po prostu cz\u0119\u015b\u0107 dnia m\u00f3wi si\u0119 po polsku, cz\u0119\u015b\u0107 po francusku.<\/p>\n\n\n\n<p class=\"wp-block-paragraph\">Dzieci w przedszkolach dwuj\u0119zycznych nie s\u0105 bardziej zm\u0119czone ni\u017c w jednoj\u0119zycznych. Nie maj\u0105 trudniejszego programu. Maj\u0105 ten sam program - obudowany dwoma j\u0119zykami zamiast jednego.<\/p>\n\n\n\n<h2 class=\"wp-block-heading\">Jak pozna\u0107, \u017ce przedszkole jest naprawd\u0119 dwuj\u0119zyczne<\/h2>\n\n\n\n<p class=\"wp-block-paragraph\">Niestety, etykieta \u201edwuj\u0119zyczne\" nie jest w Polsce formalnie chroniona. Niekt\u00f3re plac\u00f3wki u\u017cywaj\u0105 jej przy ofercie lektoratu 3 razy w tygodniu, co z prawdziw\u0105 dwuj\u0119zyczno\u015bci\u0105 ma niewiele wsp\u00f3lnego. Oto cztery pytania, kt\u00f3re warto zada\u0107 podczas wizyty:<\/p>\n\n\n\n<ol class=\"wp-block-list\">\n<li><strong>Czy dziecko ma kontakt z drugim j\u0119zykiem codziennie, przez kilka godzin?<\/strong> Je\u015bli odpowied\u017a brzmi \u201emamy zaj\u0119cia z francuskiego dwa razy w tygodniu\" - to jest lektorat, nie dwuj\u0119zyczno\u015b\u0107.<\/li>\n\n\n\n<li><strong>Czy nauczyciel jest native speakerem?<\/strong> Osoba, dla kt\u00f3rej francuski jest j\u0119zykiem ojczystym, da dziecku akcent, intonacj\u0119 i odruchy, kt\u00f3rych nie nauczy najlepiej wykszta\u0142cony Polak.<\/li>\n\n\n\n<li><strong>Jaka jest metoda?<\/strong> Poszukajcie plac\u00f3wek pracuj\u0105cych metod\u0105 UPUL (<em>une personne, une langue<\/em> - jedna osoba, jeden j\u0119zyk) lub podobnymi metodami immersyjnymi.<\/li>\n\n\n\n<li><strong>Z jakich materia\u0142\u00f3w korzysta plac\u00f3wka?<\/strong> Oryginalne francuskie podr\u0119czniki (Taoki, Retz Syllabozoo) to dobry znak. T\u0142umaczone polskie materia\u0142y z dodanymi francuskimi s\u0142\u00f3wkami - to niedobrze.<\/li>\n<\/ol>\n\n\n\n<h2 class=\"wp-block-heading\">Komu polecamy przedszkole jednoj\u0119zyczne, a komu dwuj\u0119zyczne<\/h2>\n\n\n\n<p class=\"wp-block-paragraph\">Szczerze: nie ka\u017cda rodzina potrzebuje przedszkola dwuj\u0119zycznego. Je\u015bli drugi j\u0119zyk nie jest dla Was priorytetem, a dziecko b\u0119dzie mie\u0107 mn\u00f3stwo okazji do nauki j\u0119zyk\u00f3w w szkole - jednoj\u0119zyczne przedszkole z dobrymi nauczycielami, ogrodem i przyjazn\u0105 atmosfer\u0105 b\u0119dzie \u015bwietnym wyborem.<\/p>\n\n\n\n<p class=\"wp-block-paragraph\">Przedszkole dwuj\u0119zyczne warto rozwa\u017cy\u0107, je\u015bli:<\/p>\n\n\n\n<ul class=\"wp-block-list\">\n<li>Chcecie, \u017ceby dziecko m\u00f3wi\u0142o biegle w drugim j\u0119zyku, a nie tylko \u201ezna\u0142o go troch\u0119\"<\/li>\n\n\n\n<li>Jeden z rodzic\u00f3w m\u00f3wi w drugim j\u0119zyku i chcecie, \u017ceby dziecko mia\u0142o wsparcie poza domem<\/li>\n\n\n\n<li>Planujecie w przysz\u0142o\u015bci szko\u0142\u0119 dwuj\u0119zyczn\u0105, sekcj\u0119 francusk\u0105 lub wyjazd za granic\u0119<\/li>\n\n\n\n<li>Chcecie wykorzysta\u0107 okres krytyczny w rozwoju mowy (3-6 lat) - bo po \u00f3smym roku \u017cycia nauka drugiego j\u0119zyka nigdy ju\u017c nie idzie tak \u0142atwo<\/li>\n<\/ul>\n\n\n\n<h2 class=\"wp-block-heading\">Na koniec<\/h2>\n\n\n\n<p class=\"wp-block-paragraph\">Przedszkole dwuj\u0119zyczne i jednoj\u0119zyczne to dwa r\u00f3\u017cne narz\u0119dzia. \u017badne nie jest \u201elepsze\" uniwersalnie - ale je\u015bli zale\u017cy Wam na tym, \u017ceby Wasze dziecko naprawd\u0119 m\u00f3wi\u0142o w drugim j\u0119zyku (nie tylko zna\u0142o kilkana\u015bcie s\u0142\u00f3wek), r\u00f3\u017cnica jest fundamentalna.<\/p>\n\n\n\n<p class=\"wp-block-paragraph\">W Trampoline od 2001 roku uczymy dzieci francuskiego metod\u0105 UPUL. Ka\u017cda grupa ma dw\u00f3ch nauczycieli - polskiego i francuskoj\u0119zycznego native'a - kt\u00f3rzy konsekwentnie m\u00f3wi\u0105 do dzieci w swoim j\u0119zyku. W 2004 roku otrzymali\u015bmy European Language Label za nowatorskie metody nauczania j\u0119zyk\u00f3w obcych w przedszkolu.<\/p>\n\n\n\n<p class=\"wp-block-paragraph\">Je\u015bli rozwa\u017cacie przedszkole dwuj\u0119zyczne dla swojego dziecka - <strong>zapraszamy na spotkanie<\/strong>. Poka\u017cemy Wam, jak wygl\u0105da zwyk\u0142y dzie\u0144, opowiemy o metodzie, i wsp\u00f3lnie zastanowimy si\u0119, czy to dobre miejsce dla Waszej rodziny.<\/p>\n","protected":false},"excerpt":{"rendered":"<p>Wyb\u00f3r przedszkola to jedna z pierwszych du\u017cych decyzji, jakie podejmujecie jako rodzice. Mi\u0119dzy \u201ezwyk\u0142ym\" a \u201edwuj\u0119zycznym\" przedszkolem jest o wiele wi\u0119cej r\u00f3\u017cnic ni\u017c tylko drugi j\u0119zyk na li\u015bcie zaj\u0119\u0107. Poka\u017cemy Wam, co naprawd\u0119 odr\u00f3\u017cnia te plac\u00f3wki - i pomo\u017cemy zdecydowa\u0107, kt\u00f3ra jest lepsza dla Waszego dziecka. Podstawowa r\u00f3\u017cnica: j\u0119zyk to nie przedmiot, to \u015brodowisko W [&hellip;]<\/p>\n","protected":false},"author":1,"featured_media":11085,"comment_status":"closed","ping_status":"closed","sticky":false,"template":"","format":"standard","meta":{"footnotes":""},"categories":[1],"tags":[],"class_list":["post-149","post","type-post","status-publish","format-standard","has-post-thumbnail","hentry","category-artykuly"],"yoast_head":"<!-- This site is optimized with the Yoast SEO plugin v28.1 - https:\/\/yoast.com\/product\/yoast-seo-wordpress\/ -->\n<title>Przedszkole dwuj\u0119zyczne czy jednoj\u0119zyczne? - Przedszkole<\/title>\n<meta name=\"robots\" content=\"index, follow, max-snippet:-1, max-image-preview:large, max-video-preview:-1\" \/>\n<link rel=\"canonical\" href=\"https:\/\/trampoline.edu.pl\/przedszkole\/przedszkole-dwujezyczne-czy-jednojezyczne\/\" \/>\n<meta property=\"og:locale\" content=\"pl_PL\" \/>\n<meta property=\"og:type\" content=\"article\" \/>\n<meta property=\"og:title\" content=\"Przedszkole dwuj\u0119zyczne czy jednoj\u0119zyczne? - Przedszkole\" \/>\n<meta property=\"og:description\" content=\"Wyb\u00f3r przedszkola to jedna z pierwszych du\u017cych decyzji, jakie podejmujecie jako rodzice. Mi\u0119dzy \u201ezwyk\u0142ym&quot; a \u201edwuj\u0119zycznym&quot; przedszkolem jest o wiele wi\u0119cej r\u00f3\u017cnic ni\u017c tylko drugi j\u0119zyk na li\u015bcie zaj\u0119\u0107. Poka\u017cemy Wam, co naprawd\u0119 odr\u00f3\u017cnia te plac\u00f3wki - i pomo\u017cemy zdecydowa\u0107, kt\u00f3ra jest lepsza dla Waszego dziecka. Podstawowa r\u00f3\u017cnica: j\u0119zyk to nie przedmiot, to \u015brodowisko W [&hellip;]\" \/>\n<meta property=\"og:url\" content=\"https:\/\/trampoline.edu.pl\/przedszkole\/przedszkole-dwujezyczne-czy-jednojezyczne\/\" \/>\n<meta property=\"og:site_name\" content=\"Przedszkole\" \/>\n<meta property=\"article:published_time\" content=\"2021-12-15T17:55:55+00:00\" \/>\n<meta property=\"article:modified_time\" content=\"2026-05-25T07:33:58+00:00\" \/>\n<meta property=\"og:image\" content=\"https:\/\/trampoline.edu.pl\/przedszkole\/wp-content\/uploads\/sites\/4\/2021\/12\/blog_post_1.webp\" \/>\n\t<meta property=\"og:image:width\" content=\"1600\" \/>\n\t<meta property=\"og:image:height\" content=\"1067\" \/>\n\t<meta property=\"og:image:type\" content=\"image\/webp\" \/>\n<meta name=\"author\" content=\"rk6ot\" \/>\n<meta name=\"twitter:card\" content=\"summary_large_image\" \/>\n<meta name=\"twitter:label1\" content=\"Napisane przez\" \/>\n\t<meta name=\"twitter:data1\" content=\"rk6ot\" \/>\n\t<meta name=\"twitter:label2\" content=\"Szacowany czas czytania\" \/>\n\t<meta name=\"twitter:data2\" content=\"6 minut\" \/>\n<script type=\"application\/ld+json\" class=\"yoast-schema-graph\">{\"@context\":\"https:\\\/\\\/schema.org\",\"@graph\":[{\"@type\":\"Article\",\"@id\":\"https:\\\/\\\/trampoline.edu.pl\\\/przedszkole\\\/przedszkole-dwujezyczne-czy-jednojezyczne\\\/#article\",\"isPartOf\":{\"@id\":\"https:\\\/\\\/trampoline.edu.pl\\\/przedszkole\\\/przedszkole-dwujezyczne-czy-jednojezyczne\\\/\"},\"author\":{\"name\":\"rk6ot\",\"@id\":\"https:\\\/\\\/trampoline.edu.pl\\\/przedszkole\\\/#\\\/schema\\\/person\\\/5db4a9661f1366d5cfbc7a93ef24decd\"},\"headline\":\"Przedszkole dwuj\u0119zyczne czy jednoj\u0119zyczne?\",\"datePublished\":\"2021-12-15T17:55:55+00:00\",\"dateModified\":\"2026-05-25T07:33:58+00:00\",\"mainEntityOfPage\":{\"@id\":\"https:\\\/\\\/trampoline.edu.pl\\\/przedszkole\\\/przedszkole-dwujezyczne-czy-jednojezyczne\\\/\"},\"wordCount\":1199,\"publisher\":{\"@id\":\"https:\\\/\\\/trampoline.edu.pl\\\/przedszkole\\\/#organization\"},\"image\":{\"@id\":\"https:\\\/\\\/trampoline.edu.pl\\\/przedszkole\\\/przedszkole-dwujezyczne-czy-jednojezyczne\\\/#primaryimage\"},\"thumbnailUrl\":\"https:\\\/\\\/trampoline.edu.pl\\\/przedszkole\\\/wp-content\\\/uploads\\\/sites\\\/4\\\/2021\\\/12\\\/blog_post_1.webp\",\"articleSection\":[\"Artyku\u0142y\"],\"inLanguage\":\"pl-PL\"},{\"@type\":\"WebPage\",\"@id\":\"https:\\\/\\\/trampoline.edu.pl\\\/przedszkole\\\/przedszkole-dwujezyczne-czy-jednojezyczne\\\/\",\"url\":\"https:\\\/\\\/trampoline.edu.pl\\\/przedszkole\\\/przedszkole-dwujezyczne-czy-jednojezyczne\\\/\",\"name\":\"Przedszkole dwuj\u0119zyczne czy jednoj\u0119zyczne? - Przedszkole\",\"isPartOf\":{\"@id\":\"https:\\\/\\\/trampoline.edu.pl\\\/przedszkole\\\/#website\"},\"primaryImageOfPage\":{\"@id\":\"https:\\\/\\\/trampoline.edu.pl\\\/przedszkole\\\/przedszkole-dwujezyczne-czy-jednojezyczne\\\/#primaryimage\"},\"image\":{\"@id\":\"https:\\\/\\\/trampoline.edu.pl\\\/przedszkole\\\/przedszkole-dwujezyczne-czy-jednojezyczne\\\/#primaryimage\"},\"thumbnailUrl\":\"https:\\\/\\\/trampoline.edu.pl\\\/przedszkole\\\/wp-content\\\/uploads\\\/sites\\\/4\\\/2021\\\/12\\\/blog_post_1.webp\",\"datePublished\":\"2021-12-15T17:55:55+00:00\",\"dateModified\":\"2026-05-25T07:33:58+00:00\",\"breadcrumb\":{\"@id\":\"https:\\\/\\\/trampoline.edu.pl\\\/przedszkole\\\/przedszkole-dwujezyczne-czy-jednojezyczne\\\/#breadcrumb\"},\"inLanguage\":\"pl-PL\",\"potentialAction\":[{\"@type\":\"ReadAction\",\"target\":[\"https:\\\/\\\/trampoline.edu.pl\\\/przedszkole\\\/przedszkole-dwujezyczne-czy-jednojezyczne\\\/\"]}]},{\"@type\":\"ImageObject\",\"inLanguage\":\"pl-PL\",\"@id\":\"https:\\\/\\\/trampoline.edu.pl\\\/przedszkole\\\/przedszkole-dwujezyczne-czy-jednojezyczne\\\/#primaryimage\",\"url\":\"https:\\\/\\\/trampoline.edu.pl\\\/przedszkole\\\/wp-content\\\/uploads\\\/sites\\\/4\\\/2021\\\/12\\\/blog_post_1.webp\",\"contentUrl\":\"https:\\\/\\\/trampoline.edu.pl\\\/przedszkole\\\/wp-content\\\/uploads\\\/sites\\\/4\\\/2021\\\/12\\\/blog_post_1.webp\",\"width\":1600,\"height\":1067,\"caption\":\"Przedszkole dwuj\u0119zyczne czy jednoj\u0119zyczne?\"},{\"@type\":\"BreadcrumbList\",\"@id\":\"https:\\\/\\\/trampoline.edu.pl\\\/przedszkole\\\/przedszkole-dwujezyczne-czy-jednojezyczne\\\/#breadcrumb\",\"itemListElement\":[{\"@type\":\"ListItem\",\"position\":1,\"name\":\"Strona g\u0142\u00f3wna\",\"item\":\"https:\\\/\\\/trampoline.edu.pl\\\/przedszkole\\\/\"},{\"@type\":\"ListItem\",\"position\":2,\"name\":\"Przedszkole dwuj\u0119zyczne czy jednoj\u0119zyczne?\"}]},{\"@type\":\"WebSite\",\"@id\":\"https:\\\/\\\/trampoline.edu.pl\\\/przedszkole\\\/#website\",\"url\":\"https:\\\/\\\/trampoline.edu.pl\\\/przedszkole\\\/\",\"name\":\"Przedszkole\",\"description\":\"\",\"publisher\":{\"@id\":\"https:\\\/\\\/trampoline.edu.pl\\\/przedszkole\\\/#organization\"},\"potentialAction\":[{\"@type\":\"SearchAction\",\"target\":{\"@type\":\"EntryPoint\",\"urlTemplate\":\"https:\\\/\\\/trampoline.edu.pl\\\/przedszkole\\\/?s={search_term_string}\"},\"query-input\":{\"@type\":\"PropertyValueSpecification\",\"valueRequired\":true,\"valueName\":\"search_term_string\"}}],\"inLanguage\":\"pl-PL\"},{\"@type\":\"Organization\",\"@id\":\"https:\\\/\\\/trampoline.edu.pl\\\/przedszkole\\\/#organization\",\"name\":\"Przedszkole\",\"url\":\"https:\\\/\\\/trampoline.edu.pl\\\/przedszkole\\\/\",\"logo\":{\"@type\":\"ImageObject\",\"inLanguage\":\"pl-PL\",\"@id\":\"https:\\\/\\\/trampoline.edu.pl\\\/przedszkole\\\/#\\\/schema\\\/logo\\\/image\\\/\",\"url\":\"https:\\\/\\\/trampoline.edu.pl\\\/przedszkole\\\/wp-content\\\/uploads\\\/sites\\\/4\\\/2026\\\/05\\\/cropped-Logo-przedszkole-TRAMPOLINE-e1785315157547.jpg\",\"contentUrl\":\"https:\\\/\\\/trampoline.edu.pl\\\/przedszkole\\\/wp-content\\\/uploads\\\/sites\\\/4\\\/2026\\\/05\\\/cropped-Logo-przedszkole-TRAMPOLINE-e1785315157547.jpg\",\"width\":300,\"height\":81,\"caption\":\"Przedszkole\"},\"image\":{\"@id\":\"https:\\\/\\\/trampoline.edu.pl\\\/przedszkole\\\/#\\\/schema\\\/logo\\\/image\\\/\"}},{\"@type\":\"Person\",\"@id\":\"https:\\\/\\\/trampoline.edu.pl\\\/przedszkole\\\/#\\\/schema\\\/person\\\/5db4a9661f1366d5cfbc7a93ef24decd\",\"name\":\"rk6ot\",\"image\":{\"@type\":\"ImageObject\",\"inLanguage\":\"pl-PL\",\"@id\":\"https:\\\/\\\/secure.gravatar.com\\\/avatar\\\/5e08c3b89c1707730d86d3574bfcba33e9adb0c583873b984e7b4bdf85a105ae?s=96&d=mm&r=g\",\"url\":\"https:\\\/\\\/secure.gravatar.com\\\/avatar\\\/5e08c3b89c1707730d86d3574bfcba33e9adb0c583873b984e7b4bdf85a105ae?s=96&d=mm&r=g\",\"contentUrl\":\"https:\\\/\\\/secure.gravatar.com\\\/avatar\\\/5e08c3b89c1707730d86d3574bfcba33e9adb0c583873b984e7b4bdf85a105ae?s=96&d=mm&r=g\",\"caption\":\"rk6ot\"},\"sameAs\":[\"https:\\\/\\\/trampoline.edu.pl\"],\"url\":\"https:\\\/\\\/trampoline.edu.pl\\\/przedszkole\\\/author\\\/rk6ot\\\/\"}]}<\/script>\n<!-- \/ Yoast SEO plugin. -->","yoast_head_json":{"title":"Przedszkole dwuj\u0119zyczne czy jednoj\u0119zyczne? - Przedszkole","robots":{"index":"index","follow":"follow","max-snippet":"max-snippet:-1","max-image-preview":"max-image-preview:large","max-video-preview":"max-video-preview:-1"},"canonical":"https:\/\/trampoline.edu.pl\/przedszkole\/przedszkole-dwujezyczne-czy-jednojezyczne\/","og_locale":"pl_PL","og_type":"article","og_title":"Przedszkole dwuj\u0119zyczne czy jednoj\u0119zyczne? - Przedszkole","og_description":"Wyb\u00f3r przedszkola to jedna z pierwszych du\u017cych decyzji, jakie podejmujecie jako rodzice. Mi\u0119dzy \u201ezwyk\u0142ym\" a \u201edwuj\u0119zycznym\" przedszkolem jest o wiele wi\u0119cej r\u00f3\u017cnic ni\u017c tylko drugi j\u0119zyk na li\u015bcie zaj\u0119\u0107. Poka\u017cemy Wam, co naprawd\u0119 odr\u00f3\u017cnia te plac\u00f3wki - i pomo\u017cemy zdecydowa\u0107, kt\u00f3ra jest lepsza dla Waszego dziecka. Podstawowa r\u00f3\u017cnica: j\u0119zyk to nie przedmiot, to \u015brodowisko W [&hellip;]","og_url":"https:\/\/trampoline.edu.pl\/przedszkole\/przedszkole-dwujezyczne-czy-jednojezyczne\/","og_site_name":"Przedszkole","article_published_time":"2021-12-15T17:55:55+00:00","article_modified_time":"2026-05-25T07:33:58+00:00","og_image":[{"width":1600,"height":1067,"url":"https:\/\/trampoline.edu.pl\/przedszkole\/wp-content\/uploads\/sites\/4\/2021\/12\/blog_post_1.webp","type":"image\/webp"}],"author":"rk6ot","twitter_card":"summary_large_image","twitter_misc":{"Napisane przez":"rk6ot","Szacowany czas czytania":"6 minut"},"schema":{"@context":"https:\/\/schema.org","@graph":[{"@type":"Article","@id":"https:\/\/trampoline.edu.pl\/przedszkole\/przedszkole-dwujezyczne-czy-jednojezyczne\/#article","isPartOf":{"@id":"https:\/\/trampoline.edu.pl\/przedszkole\/przedszkole-dwujezyczne-czy-jednojezyczne\/"},"author":{"name":"rk6ot","@id":"https:\/\/trampoline.edu.pl\/przedszkole\/#\/schema\/person\/5db4a9661f1366d5cfbc7a93ef24decd"},"headline":"Przedszkole dwuj\u0119zyczne czy jednoj\u0119zyczne?","datePublished":"2021-12-15T17:55:55+00:00","dateModified":"2026-05-25T07:33:58+00:00","mainEntityOfPage":{"@id":"https:\/\/trampoline.edu.pl\/przedszkole\/przedszkole-dwujezyczne-czy-jednojezyczne\/"},"wordCount":1199,"publisher":{"@id":"https:\/\/trampoline.edu.pl\/przedszkole\/#organization"},"image":{"@id":"https:\/\/trampoline.edu.pl\/przedszkole\/przedszkole-dwujezyczne-czy-jednojezyczne\/#primaryimage"},"thumbnailUrl":"https:\/\/trampoline.edu.pl\/przedszkole\/wp-content\/uploads\/sites\/4\/2021\/12\/blog_post_1.webp","articleSection":["Artyku\u0142y"],"inLanguage":"pl-PL"},{"@type":"WebPage","@id":"https:\/\/trampoline.edu.pl\/przedszkole\/przedszkole-dwujezyczne-czy-jednojezyczne\/","url":"https:\/\/trampoline.edu.pl\/przedszkole\/przedszkole-dwujezyczne-czy-jednojezyczne\/","name":"Przedszkole dwuj\u0119zyczne czy jednoj\u0119zyczne? - Przedszkole","isPartOf":{"@id":"https:\/\/trampoline.edu.pl\/przedszkole\/#website"},"primaryImageOfPage":{"@id":"https:\/\/trampoline.edu.pl\/przedszkole\/przedszkole-dwujezyczne-czy-jednojezyczne\/#primaryimage"},"image":{"@id":"https:\/\/trampoline.edu.pl\/przedszkole\/przedszkole-dwujezyczne-czy-jednojezyczne\/#primaryimage"},"thumbnailUrl":"https:\/\/trampoline.edu.pl\/przedszkole\/wp-content\/uploads\/sites\/4\/2021\/12\/blog_post_1.webp","datePublished":"2021-12-15T17:55:55+00:00","dateModified":"2026-05-25T07:33:58+00:00","breadcrumb":{"@id":"https:\/\/trampoline.edu.pl\/przedszkole\/przedszkole-dwujezyczne-czy-jednojezyczne\/#breadcrumb"},"inLanguage":"pl-PL","potentialAction":[{"@type":"ReadAction","target":["https:\/\/trampoline.edu.pl\/przedszkole\/przedszkole-dwujezyczne-czy-jednojezyczne\/"]}]},{"@type":"ImageObject","inLanguage":"pl-PL","@id":"https:\/\/trampoline.edu.pl\/przedszkole\/przedszkole-dwujezyczne-czy-jednojezyczne\/#primaryimage","url":"https:\/\/trampoline.edu.pl\/przedszkole\/wp-content\/uploads\/sites\/4\/2021\/12\/blog_post_1.webp","contentUrl":"https:\/\/trampoline.edu.pl\/przedszkole\/wp-content\/uploads\/sites\/4\/2021\/12\/blog_post_1.webp","width":1600,"height":1067,"caption":"Przedszkole dwuj\u0119zyczne czy jednoj\u0119zyczne?"},{"@type":"BreadcrumbList","@id":"https:\/\/trampoline.edu.pl\/przedszkole\/przedszkole-dwujezyczne-czy-jednojezyczne\/#breadcrumb","itemListElement":[{"@type":"ListItem","position":1,"name":"Strona g\u0142\u00f3wna","item":"https:\/\/trampoline.edu.pl\/przedszkole\/"},{"@type":"ListItem","position":2,"name":"Przedszkole dwuj\u0119zyczne czy jednoj\u0119zyczne?"}]},{"@type":"WebSite","@id":"https:\/\/trampoline.edu.pl\/przedszkole\/#website","url":"https:\/\/trampoline.edu.pl\/przedszkole\/","name":"Przedszkole","description":"","publisher":{"@id":"https:\/\/trampoline.edu.pl\/przedszkole\/#organization"},"potentialAction":[{"@type":"SearchAction","target":{"@type":"EntryPoint","urlTemplate":"https:\/\/trampoline.edu.pl\/przedszkole\/?s={search_term_string}"},"query-input":{"@type":"PropertyValueSpecification","valueRequired":true,"valueName":"search_term_string"}}],"inLanguage":"pl-PL"},{"@type":"Organization","@id":"https:\/\/trampoline.edu.pl\/przedszkole\/#organization","name":"Przedszkole","url":"https:\/\/trampoline.edu.pl\/przedszkole\/","logo":{"@type":"ImageObject","inLanguage":"pl-PL","@id":"https:\/\/trampoline.edu.pl\/przedszkole\/#\/schema\/logo\/image\/","url":"https:\/\/trampoline.edu.pl\/przedszkole\/wp-content\/uploads\/sites\/4\/2026\/05\/cropped-Logo-przedszkole-TRAMPOLINE-e1785315157547.jpg","contentUrl":"https:\/\/trampoline.edu.pl\/przedszkole\/wp-content\/uploads\/sites\/4\/2026\/05\/cropped-Logo-przedszkole-TRAMPOLINE-e1785315157547.jpg","width":300,"height":81,"caption":"Przedszkole"},"image":{"@id":"https:\/\/trampoline.edu.pl\/przedszkole\/#\/schema\/logo\/image\/"}},{"@type":"Person","@id":"https:\/\/trampoline.edu.pl\/przedszkole\/#\/schema\/person\/5db4a9661f1366d5cfbc7a93ef24decd","name":"rk6ot","image":{"@type":"ImageObject","inLanguage":"pl-PL","@id":"https:\/\/secure.gravatar.com\/avatar\/5e08c3b89c1707730d86d3574bfcba33e9adb0c583873b984e7b4bdf85a105ae?s=96&d=mm&r=g","url":"https:\/\/secure.gravatar.com\/avatar\/5e08c3b89c1707730d86d3574bfcba33e9adb0c583873b984e7b4bdf85a105ae?s=96&d=mm&r=g","contentUrl":"https:\/\/secure.gravatar.com\/avatar\/5e08c3b89c1707730d86d3574bfcba33e9adb0c583873b984e7b4bdf85a105ae?s=96&d=mm&r=g","caption":"rk6ot"},"sameAs":["https:\/\/trampoline.edu.pl"],"url":"https:\/\/trampoline.edu.pl\/przedszkole\/author\/rk6ot\/"}]}},"lang":"pl","translations":{"pl":149,"fr":11109},"pll_sync_post":{},"_links":{"self":[{"href":"https:\/\/trampoline.edu.pl\/przedszkole\/wp-json\/wp\/v2\/posts\/149","targetHints":{"allow":["GET"]}}],"collection":[{"href":"https:\/\/trampoline.edu.pl\/przedszkole\/wp-json\/wp\/v2\/posts"}],"about":[{"href":"https:\/\/trampoline.edu.pl\/przedszkole\/wp-json\/wp\/v2\/types\/post"}],"author":[{"embeddable":true,"href":"https:\/\/trampoline.edu.pl\/przedszkole\/wp-json\/wp\/v2\/users\/1"}],"replies":[{"embeddable":true,"href":"https:\/\/trampoline.edu.pl\/przedszkole\/wp-json\/wp\/v2\/comments?post=149"}],"version-history":[{"count":5,"href":"https:\/\/trampoline.edu.pl\/przedszkole\/wp-json\/wp\/v2\/posts\/149\/revisions"}],"predecessor-version":[{"id":11095,"href":"https:\/\/trampoline.edu.pl\/przedszkole\/wp-json\/wp\/v2\/posts\/149\/revisions\/11095"}],"wp:featuredmedia":[{"embeddable":true,"href":"https:\/\/trampoline.edu.pl\/przedszkole\/wp-json\/wp\/v2\/media\/11085"}],"wp:attachment":[{"href":"https:\/\/trampoline.edu.pl\/przedszkole\/wp-json\/wp\/v2\/media?parent=149"}],"wp:term":[{"taxonomy":"category","embeddable":true,"href":"https:\/\/trampoline.edu.pl\/przedszkole\/wp-json\/wp\/v2\/categories?post=149"},{"taxonomy":"post_tag","embeddable":true,"href":"https:\/\/trampoline.edu.pl\/przedszkole\/wp-json\/wp\/v2\/tags?post=149"}],"curies":[{"name":"wp","href":"https:\/\/api.w.org\/{rel}","templated":true}]}}